{"id":4652,"date":"2024-09-22T14:09:21","date_gmt":"2024-09-22T11:09:21","guid":{"rendered":"https:\/\/gizemkis.com\/zarif-ve-sik-tesettur-abiye-koleksiyonunun-goz-alici-modelleri\/"},"modified":"2024-10-06T20:27:53","modified_gmt":"2024-10-06T17:27:53","slug":"zarif-ve-sik-tesettur-abiye-koleksiyonunun-goz-alici-modelleri","status":"publish","type":"post","link":"https:\/\/gizemkis.com\/ar\/zarif-ve-sik-tesettur-abiye-koleksiyonunun-goz-alici-modelleri\/","title":{"rendered":"Gizem K\u0131\u015f Zarif ve \u015e\u0131k: Tesett\u00fcr Abiye Koleksiyonunun G\u00f6z Al\u0131c\u0131 Modelleri"},"content":{"rendered":"<p>\u015e\u0131kl\u0131\u011f\u0131 ve zarafeti bir araya getiren <em><a href=\"https:\/\/gizemkis.com\/ar\/\">\u0645\u062c\u0645\u0648\u0639\u0629 \u0641\u0633\u0627\u062a\u064a\u0646 \u0627\u0644\u0633\u0647\u0631\u0629 \u0627\u0644\u062d\u062c\u0627\u0628<\/a><\/em>, \u00f6zel g\u00fcnlerde kad\u0131nlar\u0131n zarif bir duru\u015f sergilemesine olanak tan\u0131yor. Farkl\u0131 stiller ve renk se\u00e7enekleri ile her zevke hitap eden bu koleksiyon, \u00f6nemli davetlerde \u015f\u0131kl\u0131\u011f\u0131n\u0131z\u0131 tamamlayarak g\u00f6z kama\u015ft\u0131rman\u0131z\u0131 sa\u011fl\u0131yor. Tasar\u0131mlar\u0131n estetik dokunu\u015flar\u0131 ve kaliteli malzemeleri, hem konfor hem de stil arayanlar i\u00e7in m\u00fckemmel bir tercih sunuyor.<\/p>\n<h3>\u0627\u0644\u0646\u0642\u0627\u0637 \u0627\u0644\u0631\u0626\u064a\u0633\u064a\u0629<\/h3>\n<ol>\n<li>\u00d6zel g\u00fcnlerde \u015f\u0131kl\u0131\u011f\u0131 \u00f6n planda tutan tasar\u0131mlar.<\/li>\n<li>Farkl\u0131 stiller ve renklerle her tarza hitap eden se\u00e7enekler.<\/li>\n<li>Kaliteli malzeme kullan\u0131m\u0131 ile konfor ve esthetik birle\u015fimi.<\/li>\n<\/ol>\n<h2>\u015e\u0131kl\u0131\u011f\u0131 ve Zarafeti Yans\u0131tan Tesett\u00fcr Abiye Modelleri: \u00d6ne \u00c7\u0131kan Tasar\u0131mlar<\/h2>\n<p>Tesett\u00fcr abiye giyimde, \u015f\u0131kl\u0131k ve zarafet s\u0131k\u0131 bir \u015fekilde i\u00e7 i\u00e7e ge\u00e7iyor. Modern kad\u0131nlar, \u00f6zel g\u00fcnlerde hem <strong>\u0623\u0646\u0627\u0642\u0629<\/strong> hem de muhafazak\u00e2r bir g\u00f6r\u00fcn\u00fcm yakalamak i\u00e7in \u00e7e\u015fitli tasar\u0131mlara y\u00f6neliyor. 2023 y\u0131l\u0131nda \u00f6zellikle \u00f6ne \u00e7\u0131kan baz\u0131 abiye modelleri, zarif dokular\u0131 ve asimetrik kesimleriyle dikkat \u00e7ekiyor. \u0130ster d\u00fc\u011f\u00fcn, ister ni\u015fan ya da \u00f6zel davetlerde, tercih edilebilir bir\u00e7ok alternatif mevcut.<\/p>\n<h3>\u0646\u0645\u0627\u0630\u062c \u0645\u0645\u064a\u0632\u0629<\/h3>\n<ol>\n<li><strong>\u0130\u015flemeli Elbiseler:<\/strong> Detayl\u0131 i\u015f\u00e7ilikle zenginle\u015ftirilen bu tasar\u0131mlar, l\u00fcks bir hava kat\u0131yor.<\/li>\n<li><strong>\u062a\u062e\u0641\u064a\u0636\u0627\u062a \u063a\u064a\u0631 \u0645\u062a\u0643\u0627\u0641\u0626\u0629:<\/strong> Farkl\u0131 kesimlerle yap\u0131lan elbiseler, dinamik bir g\u00f6r\u00fcn\u00fcm sa\u011fl\u0131yor.<\/li>\n<li><strong>\u062e\u064a\u0627\u0631\u0627\u062a \u0627\u0644\u0623\u0644\u0648\u0627\u0646:<\/strong> Soft tonlardan canl\u0131 renklere kadar geni\u015f yelpazede se\u00e7enekler, her zevke hitap ediyor.<\/li>\n<\/ol>\n<p>Bu yaz\u0131lacak detaylar ile moda d\u00fcnyas\u0131nda <strong>\u0627\u062a\u062c\u0627\u0647<\/strong> belirleyen tasar\u0131mlar aras\u0131nda kendinize en uygun olan\u0131 se\u00e7ebilir, davetlerde herkesin ilgisini \u00e7ekebilirsiniz. Unutmay\u0131n, stilinizi yans\u0131tan bir abiye, sadece d\u0131\u015f g\u00f6r\u00fcn\u00fcm\u00fcn\u00fcz\u00fc de\u011fil, ayn\u0131 zamanda \u00f6zg\u00fcveninizi de art\u0131r\u0131r.<\/p>\n<h2>D\u00fc\u011f\u00fcn ve \u00d6zel Davetler \u0130\u00e7in \u0130deal Se\u00e7imler: Tesett\u00fcr Abiye Koleksiyonunda Neler Var?<\/h2>\n<p>D\u00fc\u011f\u00fcn ve \u00f6zel davetler i\u00e7in <strong>\u0627\u0644\u062d\u062c\u0627\u0628<\/strong> abiye se\u00e7imi, bir\u00e7ok kad\u0131n\u0131n en b\u00fcy\u00fck hayallerinden biridir. Do\u011fru elbise, hem zarafeti hem de rahatl\u0131\u011f\u0131 bir arada sunmal\u0131d\u0131r. Fakat, bu se\u00e7im yap\u0131l\u0131rken dikkat edilmesi gereken bir\u00e7ok detay bulunuyor.<\/p>\n<h3>\u0627\u062e\u062a\u064a\u0627\u0631 \u0627\u0644\u0644\u0648\u0646 \u0648\u0627\u0644\u0646\u0645\u0648\u0630\u062c<\/h3>\n<p>\u00d6ncelikle renk paleti olduk\u00e7a \u00f6nemli. Canl\u0131 renkler dikkat \u00e7ekici bir g\u00f6r\u00fcn\u00fcm sa\u011flarken, pastel tonlar ise zarif bir hava yarat\u0131r. Model olarak A kesim, v\u00fccut hatlar\u0131n\u0131 \u00f6n plana \u00e7\u0131karan bir se\u00e7enek olabilir.Ancak, asimetrik kesimlerin de farkl\u0131 bir estetik katt\u0131\u011f\u0131n\u0131 unutmamak gerekiyor.<\/p>\n<h3>Uygun Aksesuarlar<\/h3>\n<p>Aksesuarlar, elbisenizin g\u00f6r\u00fcn\u00fcm\u00fcn\u00fc tamamlamak i\u00e7in kritik bir role sahip. K\u00fcpe ve \u00e7antalar, h\u00fcsran yaratmamak ad\u0131na i\u015fe yarayacak se\u00e7imlerdir. <strong>\u00d6zel<\/strong> davetlerde dikkat \u00e7eken bir aksesuar, t\u00fcm bak\u0131\u015flar\u0131 \u00fczerinize \u00e7ekebilir. Bu nedenle, davetin konseptine uygun par\u00e7alara y\u00f6nelmekte fayda var.<\/p>\n<table style=\"border: 1px solid black; padding: 10px;\">\n<tbody>\n<tr>\n<th style=\"border: 1px solid black; padding: 10px;\">\u0646\u0645\u0648\u0630\u062c<\/th>\n<th style=\"border: 1px solid black; padding: 10px;\">Renk Alternatifleri<\/th>\n<th style=\"border: 1px solid black; padding: 10px;\">Uygun Aksesuarlar<\/th>\n<\/tr>\n<tr>\n<td style=\"border: 1px solid black; padding: 10px;\">\u0642\u0637\u0639<\/td>\n<td style=\"border: 1px solid black; padding: 10px;\">K\u0131rm\u0131z\u0131, Mavi, Pastel Tonlar\u0131<\/td>\n<td style=\"border: 1px solid black; padding: 10px;\">K\u00fcpe, \u00c7anta<\/td>\n<\/tr>\n<tr>\n<td style=\"border: 1px solid black; padding: 10px;\">\u063a\u064a\u0631 \u0645\u062a\u0645\u0627\u062b\u0644<\/td>\n<td style=\"border: 1px solid black; padding: 10px;\">Siyah, Beyaz, Dore<\/td>\n<td style=\"border: 1px solid black; padding: 10px;\">Aksesuar Seti<\/td>\n<\/tr>\n<\/tbody>\n<\/table>\n<p>\u062e\u062a\u0627\u0645\u0627\u064b\u060c <strong>\u0641\u0633\u0627\u062a\u064a\u0646 \u0627\u0644\u0633\u0647\u0631\u0629<\/strong> \u00f6zel g\u00fcnlerde sadece giyilen bir k\u0131yafet de\u011fil, ayn\u0131 zamanda an\u0131lar biriktirmek i\u00e7in yaz\u0131lm\u0131\u015f bir hikayedir. Bunu g\u00f6z \u00f6n\u00fcnde bulundurarak, hem rahat hem de \u015f\u0131k se\u00e7imler yapmak en iyisi!<\/p>\n<h2>\u062e\u0627\u062a\u0645\u0629<\/h2>\n<p>Sonu\u00e7 olarak, &#8216;undefined&#8217; ba\u015fl\u0131\u011f\u0131 alt\u0131nda yapm\u0131\u015f oldu\u011fumuz tart\u0131\u015fmalar, modan\u0131n dijital d\u00f6n\u00fc\u015f\u00fcm\u00fcne dair \u00f6nemli noktalara de\u011findi. \u00d6zellikle tesett\u00fcr abiye koleksiyonu konusunda, stil ve konforun nas\u0131l bir araya geldi\u011fini g\u00f6rmek ger\u00e7ekten ilham verici. Geli\u015fen tasar\u0131m anlay\u0131\u015flar\u0131, farkl\u0131 zevklere hitap eden alternatifler sunuyor. Yaln\u0131zca k\u0131yafetlerin esteti\u011fi de\u011fil, ayn\u0131 zamanda bireylerin kendilerini nas\u0131l ifade ettikleri de b\u00fcy\u00fck bir \u00f6nem ta\u015f\u0131yor. Moda, bireylerin kimliklerini ortaya koymalar\u0131nda bir ara\u00e7 haline geliyor. Ne var ki, bu s\u00fcre\u00e7te her bireyin kendi tarz\u0131n\u0131 bulmas\u0131 ve onu yans\u0131tmas\u0131 gerekti\u011fini unutmamakta fayda var. Geriye d\u00f6n\u00fcp bakt\u0131\u011f\u0131m\u0131zda, bu yolculuk, sadece bir giyim meselesi de\u011fil, ayn\u0131 zamanda bir kendini bulma hikayesidir. Bu y\u00fczden, herkesin kendi tarz\u0131n\u0131 ke\u015ffetmesi ad\u0131na ilham almay\u0131 s\u00fcrd\u00fcrmesi gerekti\u011fine inan\u0131yorum.<\/p>\n<h2 style=\"text-align: center;\">\u0623\u0633\u0626\u0644\u0629 \u0645\u0643\u0631\u0631\u0629<\/h2>\n<h3>\u0645\u0627 \u0627\u0644\u0630\u064a \u064a\u062c\u0628 \u0639\u0644\u064a \u0627\u0644\u0627\u0646\u062a\u0628\u0627\u0647 \u0625\u0644\u064a\u0647 \u0639\u0646\u062f \u0627\u062e\u062a\u064a\u0627\u0631 \u0641\u0633\u0627\u062a\u064a\u0646 \u0627\u0644\u0633\u0647\u0631\u0629 \u0627\u0644\u062d\u062c\u0627\u0628\u061f<\/h3>\n<p>Tesett\u00fcr abiye se\u00e7erken bedeninizi ve tarz\u0131n\u0131z\u0131 g\u00f6z \u00f6n\u00fcnde bulundurmal\u0131s\u0131n\u0131z. Ayr\u0131ca elbisenin rengi, kuma\u015f\u0131 ve kesimi, davetin atmosferine uygun olmal\u0131d\u0131r.<\/p>\n<h3>Tesett\u00fcr abiye elbiseleri hangi mevsimde tercih edebilirim?<\/h3>\n<p>Tesett\u00fcr abiye elbiseleri d\u00f6rt mevsim tercih edilebilir. Yaz\u0131n hafif kuma\u015flardan yap\u0131lm\u0131\u015f, k\u0131\u015f\u0131n ise kal\u0131n ve s\u0131cak tutan kuma\u015flar tercih edilmelidir.<\/p>\n<h3>Tesett\u00fcr abiye ile uyumlu aksesuarlar nelerdir?<\/h3>\n<p>Tesett\u00fcr abiye ile uyumlu aksesuarlar aras\u0131nda ya da ta\u015fl\u0131 bir \u015fal, zarif bir \u00e7anta ve sade tak\u0131lar bulunmaktad\u0131r. Aksesuar se\u00e7iminizi elbisenizin rengine ve modeline g\u00f6re yapmal\u0131s\u0131n\u0131z.<\/p>","protected":false},"excerpt":{"rendered":"<p>\u015e\u0131kl\u0131\u011f\u0131 ve zarafeti bir araya getiren tesett\u00fcr abiye koleksiyonu, \u00f6zel g\u00fcnlerde kad\u0131nlar\u0131n zarif bir duru\u015f sergilemesine olanak tan\u0131yor. Farkl\u0131 stiller<\/p>","protected":false},"author":2,"featured_media":1283,"comment_status":"open","ping_status":"open","sticky":false,"template":"","format":"standard","meta":{"footnotes":""},"categories":[1],"tags":[84,70,75,99,71],"class_list":["post-4652","post","type-post","status-publish","format-standard","has-post-thumbnail","hentry","category-genel","tag-gizem-kis-tesettur-abiye-modelleri-izmir-magazasi","tag-tesettur-abiye","tag-tesettur-abiye-fiyatlari","tag-en-sik-tesettur-abiye-modelleri","tag-tesettur-giyim"],"_links":{"self":[{"href":"https:\/\/gizemkis.com\/ar\/wp-json\/wp\/v2\/posts\/4652","targetHints":{"allow":["GET"]}}],"collection":[{"href":"https:\/\/gizemkis.com\/ar\/wp-json\/wp\/v2\/posts"}],"about":[{"href":"https:\/\/gizemkis.com\/ar\/wp-json\/wp\/v2\/types\/post"}],"author":[{"embeddable":true,"href":"https:\/\/gizemkis.com\/ar\/wp-json\/wp\/v2\/users\/2"}],"replies":[{"embeddable":true,"href":"https:\/\/gizemkis.com\/ar\/wp-json\/wp\/v2\/comments?post=4652"}],"version-history":[{"count":0,"href":"https:\/\/gizemkis.com\/ar\/wp-json\/wp\/v2\/posts\/4652\/revisions"}],"wp:featuredmedia":[{"embeddable":true,"href":"https:\/\/gizemkis.com\/ar\/wp-json\/wp\/v2\/media\/1283"}],"wp:attachment":[{"href":"https:\/\/gizemkis.com\/ar\/wp-json\/wp\/v2\/media?parent=4652"}],"wp:term":[{"taxonomy":"category","embeddable":true,"href":"https:\/\/gizemkis.com\/ar\/wp-json\/wp\/v2\/categories?post=4652"},{"taxonomy":"post_tag","embeddable":true,"href":"https:\/\/gizemkis.com\/ar\/wp-json\/wp\/v2\/tags?post=4652"}],"curies":[{"name":"wp","href":"https:\/\/api.w.org\/{rel}","templated":true}]}}