{"id":4936,"date":"2024-10-01T23:06:40","date_gmt":"2024-10-01T20:06:40","guid":{"rendered":"https:\/\/gizemkis.com\/sikligin-zirvesi-uzun-tesettur-abiye-modasinda-yeni-trendler\/"},"modified":"2024-10-04T21:44:13","modified_gmt":"2024-10-04T18:44:13","slug":"sikligin-zirvesi-uzun-tesettur-abiye-modasinda-yeni-trendler","status":"publish","type":"post","link":"https:\/\/gizemkis.com\/ar\/sikligin-zirvesi-uzun-tesettur-abiye-modasinda-yeni-trendler\/","title":{"rendered":"Gizem K\u0131\u015f Uzun Tesett\u00fcr Abiye Modas\u0131nda Yeni Trendler"},"content":{"rendered":"<p>G\u00fcn\u00fcm\u00fcz modas\u0131nda, \u015f\u0131kl\u0131\u011f\u0131 ve zarafeti bir araya getiren uzun tesett\u00fcr abiye se\u00e7enekleri, kad\u0131nlar\u0131n \u00f6zel g\u00fcnlerde nas\u0131l g\u00f6r\u00fcnmek istedi\u011fine dair yeni bir anlay\u0131\u015f sunuyor. Bu \u00f6zel k\u0131yafetler, hem geleneksel unsurlar\u0131 hem de modern dokunu\u015flar\u0131 birle\u015ftirerek her zevke uygun alternatifler sunuyor. \u00dcstelik, zarif detaylarla bezenmi\u015f tasar\u0131mlar, hem rahatl\u0131k hem de estetik aray\u0131\u015f\u0131ndaki kad\u0131nlar i\u00e7in m\u00fckemmel bir se\u00e7enek olu\u015fturuyor.<\/p>\n<h3>\u0627\u0644\u0646\u0642\u0627\u0637 \u0627\u0644\u0631\u0626\u064a\u0633\u064a\u0629<\/h3>\n<ol>\n<li><strong><a href=\"https:\/\/gizemkis.com\/ar\/\">Uzun tesett\u00fcr abiye<\/a> <\/strong>se\u00e7enekleri, \u015f\u0131kl\u0131\u011f\u0131 \u00f6n plana \u00e7\u0131kar\u0131yor.<\/li>\n<li>Modern detaylarla geleneksel unsurlar bir araya geliyor.<\/li>\n<li>Farkl\u0131 renk ve desen alternatifleri mevcut.<\/li>\n<\/ol>\n<p><img decoding=\"async\" class=\"e-rte-image e-imginline e-resize\" style=\"max-width: 100%; max-height: auto;\" src=\"https:\/\/gizemkis.com\/wp-content\/uploads\/2024\/10\/uzun-tesettur-abiye-219.jpeg\" alt=\"uzun-tesett\u00fcr-abiye-284.jpeg\" width=\"auto\" height=\"auto\" \/><\/p>\n<h2>Uzun Tesett\u00fcr Abiye Modas\u0131nda \u00d6ne \u00c7\u0131kan Renk ve Kuma\u015f Se\u00e7imleri<\/h2>\n<p>Uzun tesett\u00fcr abiye modas\u0131, her y\u0131l yeni trendlerle kar\u015f\u0131m\u0131za \u00e7\u0131k\u0131yor. Giyim tarz\u0131n\u0131n \u015f\u0131kl\u0131\u011f\u0131 ve zarafeti, se\u00e7ilen <strong>\u0645\u0627\u062f\u0629<\/strong> \u0648 <strong>\u0644\u0648\u0646<\/strong>lerle do\u011frudan ili\u015fkilidir. Son d\u00f6nemlerde \u00f6ne \u00e7\u0131kan baz\u0131 renk ve kuma\u015f tercihlerine g\u00f6z atmak faydal\u0131 olabilir.<\/p>\n<ol>\n<li><strong>\u0646\u063a\u0645\u0627\u062a \u0627\u0644\u0628\u0627\u0633\u062a\u064a\u0644:<\/strong> Bu renkler, her ortamda rahatl\u0131kla tercih edilebiliyor. \u00d6zellikle yaz aylar\u0131nda ferah bir g\u00f6r\u00fcn\u00fcm sa\u011fl\u0131yor.<\/li>\n<li><strong>\u0623\u0633\u0648\u062f:<\/strong> Klasik ve zamans\u0131z bir tercih olarak her sezon pop\u00fclerli\u011fini koruyor. Hem zarif hem de \u015f\u0131k bir izlenim yarat\u0131yor.<\/li>\n<li><strong>\u0130pek ve \u015eifon Kuma\u015flar:<\/strong> Ak\u0131\u015fkan yap\u0131lar\u0131 sayesinde hem rahat hem de \u015f\u0131k bir g\u00f6r\u00fcn\u00fcm sunuyor. \u00d6zel davetlerde s\u0131kl\u0131kla tercih ediliyor.<\/li>\n<\/ol>\n<p>Renk se\u00e7iminde yap\u0131lacak ufak de\u011fi\u015fiklikler, tasar\u0131m\u0131n genel havas\u0131n\u0131 de\u011fi\u015ftirebilir. Buna g\u00f6re, dantel detaylar\u0131 ve diki\u015fler de dikkat \u00e7ekici unsurlar aras\u0131nda yer al\u0131yor. Bu nedenle, abiyelerinizi se\u00e7erken ki\u015fisel stilinizi yans\u0131tan detaylara y\u00f6nelmekte fayda var.<\/p>\n<p>Sonu\u00e7 olarak, uzun tesett\u00fcr abiye modas\u0131, yaln\u0131zca renk ve kuma\u015flarla de\u011fil, ayn\u0131 zamanda sizin ki\u015fisel tercihlerinizi yans\u0131tan stillerle de \u015fekilleniyor. Moda d\u00fcnyas\u0131nda her zaman yeni bir soluk bulmak m\u00fcmk\u00fcn!<\/p>\n<p><img decoding=\"async\" class=\"e-rte-image e-imginline e-resize\" style=\"max-width: 100%; max-height: auto;\" src=\"https:\/\/gizemkis.com\/wp-content\/uploads\/2024\/10\/uzun-tesettur-abiye-871.jpeg\" alt=\"uzun-tesett\u00fcr-abiye-449.jpeg\" width=\"auto\" height=\"auto\" \/><\/p>\n<h2>2023 Y\u0131l\u0131nda K\u0131yafetlerinizi Tamamlayacak Aksesuar Trendleri<\/h2>\n<p>2023 y\u0131l\u0131, stilin ve ki\u015fili\u011fin ifadesi a\u00e7\u0131s\u0131ndan ilham verici bir d\u00f6nem. Aksesuarlar, k\u0131yafetleri tamamlaman\u0131n yan\u0131 s\u0131ra, ruh halimizi yans\u0131tan \u00f6nemli unsurlar. Bu sene dikkat \u00e7eken <strong>\u0627\u0644\u0627\u062a\u062c\u0627\u0647\u0627\u062a<\/strong> aras\u0131nda, b\u00fcy\u00fck ve g\u00f6steri\u015fli tak\u0131lar \u00f6ne \u00e7\u0131k\u0131yor. K\u0131yafetlerinizi daha fazla \u00f6ne \u00e7\u0131karma amac\u0131yla, cesur kolyeler ve bilezikler tercih edebilirsiniz.<\/p>\n<h3>Detayl\u0131 Aksesuar Se\u00e7enekleri<\/h3>\n<p>Ayr\u0131ca, do\u011fal malzemelerden \u00fcretilen minimalist \u00fcr\u00fcnler de pop\u00fclerlik kazand\u0131. Bu <strong>se\u00e7enekler<\/strong> hem do\u011fa dostu hem de g\u00fcnl\u00fck hayat\u0131n\u0131za \u015f\u0131kl\u0131k kat\u0131yor. Deri \u00e7antalar ve organik ta\u015flardan yap\u0131lm\u0131\u015f y\u00fcz\u00fckler, bu y\u0131l\u0131n dikkat \u00e7eken par\u00e7alar\u0131 aras\u0131nda. Ancak, g\u00f6zl\u00fcklerdeki retro tarz da dikkat \u00e7ekiyor. Ge\u00e7mi\u015fin izlerini ta\u015f\u0131yan \u00e7er\u00e7eveler, modern k\u0131yafetlerle harika bir uyum sa\u011fl\u0131yor.<\/p>\n<table style=\"border: 1px solid black; padding: 10px;\">\n<tbody>\n<tr>\n<th style=\"border: 1px solid black; padding: 10px;\">\u0646\u0648\u0639 \u0627\u0644\u0645\u0644\u062d\u0642\u0627\u062a<\/th>\n<th style=\"border: 1px solid black; padding: 10px;\">\u0627\u062a\u062c\u0627\u0647<\/th>\n<\/tr>\n<tr>\n<td style=\"border: 1px solid black; padding: 10px;\">B\u00fcy\u00fck Kolye<\/td>\n<td style=\"border: 1px solid black; padding: 10px;\">G\u00f6steri\u015f<\/td>\n<\/tr>\n<tr>\n<td style=\"border: 1px solid black; padding: 10px;\">Deri \u00c7anta<\/td>\n<td style=\"border: 1px solid black; padding: 10px;\">\u062a\u0642\u0644\u064a\u0644\u064a\u0629<\/td>\n<\/tr>\n<tr>\n<td style=\"border: 1px solid black; padding: 10px;\">Retro G\u00f6zl\u00fck<\/td>\n<td style=\"border: 1px solid black; padding: 10px;\">Ge\u00e7mi\u015f<\/td>\n<\/tr>\n<\/tbody>\n<\/table>\n<p>\u00d6zetle, bu y\u0131l <strong>\u0645\u064f\u0643\u064e\u0645\u0651\u0650\u0644\u0627\u062a<\/strong> gard\u0131robumuzun vazge\u00e7ilmez par\u00e7alar\u0131 haline gelecek. Kendi tarz\u0131n\u0131z\u0131 bulmak i\u00e7in bu \u00f6nerileri dikkate alman\u0131z\u0131 \u00f6neririm.<\/p>\n<h2>\u062e\u0627\u062a\u0645\u0629<\/h2>\n<p>Sonu\u00e7 olarak, \u2018undefined\u2019 ba\u015fl\u0131\u011f\u0131 alt\u0131nda ele ald\u0131\u011f\u0131m\u0131z konular, ya\u015famda kar\u015f\u0131m\u0131za \u00e7\u0131kan belirsizliklerin \u00f6nemini vurguluyor. Her birimiz zaman zaman neyin ne oldu\u011funu \u00e7\u00f6zemedi\u011fimiz durumlarla kar\u015f\u0131la\u015f\u0131yoruz. B\u00f6yle anlarda, i\u00e7sel bir yolculu\u011fa \u00e7\u0131kmak ve kendimizi ke\u015ffetmek \u00f6nemli bir ad\u0131m. Uzun tesett\u00fcr abiye tercihleri gibi d\u0131\u015f g\u00f6r\u00fcn\u00fcm\u00fcm\u00fcz\u00fc etkileyen unsurlar, kendimizi ifade etme bi\u00e7imimizin bir par\u00e7as\u0131d\u0131r. Bu t\u00fcr giysiler, sadece birer giysi de\u011fil; ayn\u0131 zamanda ki\u015fisel tarz\u0131m\u0131z\u0131 yans\u0131tan birer sembold\u00fcr. Sonu\u00e7 olarak, belirsizlikler hayat\u0131m\u0131z\u0131n ka\u00e7\u0131n\u0131lmaz bir par\u00e7as\u0131d\u0131r. Bunlar\u0131 kabul ederek, kendimizi bulmaya ve ifade etmeye \u00e7al\u0131\u015fmal\u0131y\u0131z. Ayr\u0131ca, her zaman kendimizi rahat hissetti\u011fimiz tarzlar\u0131 benimsemek de ruh halemizi olumlu y\u00f6nde etkileyebilir. Hayat\u0131n getirdi\u011fi engelleri a\u015farken, kendimize ve zevklerimize sad\u0131k kalmay\u0131 unutmamal\u0131y\u0131z.<\/p>\n<h2 style=\"text-align: center;\">\u0623\u0633\u0626\u0644\u0629 \u0645\u0643\u0631\u0631\u0629<\/h2>\n<h3>Uzun tesett\u00fcr abiye nas\u0131l se\u00e7ilir?<\/h3>\n<p>Uzun tesett\u00fcr abiye se\u00e7erken, v\u00fccut tipinize uygun kesimler tercih etmelisiniz. Aksesuarlar\u0131 ile kombinleyerek \u015f\u0131kl\u0131\u011f\u0131n\u0131z\u0131 tamamlayabilirsiniz. Ayr\u0131ca, mevsime uygun kuma\u015flar\u0131 ve renkleri dikkate alman\u0131z \u00f6nemlidir.<\/p>\n<h3>Uzun tesett\u00fcr abiye nerelerde giyilebilir?<\/h3>\n<p>Uzun tesett\u00fcr abiyeler, d\u00fc\u011f\u00fcn, ni\u015fan, \u00f6zel davetler ve ak\u015fam yemekleri gibi resmi etkinliklerde tercih edilebilir. Ayr\u0131ca, \u015f\u0131k bir ak\u015fam yeme\u011fi veya \u00f6zel kutlamalarda da rahatl\u0131kla giyilebilir.<\/p>\n<h3>\u0645\u0627 \u0627\u0644\u0630\u064a \u064a\u062c\u0628 \u0639\u0644\u064a \u0627\u0644\u0627\u0646\u062a\u0628\u0627\u0647 \u0625\u0644\u064a\u0647 \u0639\u0646\u062f \u0634\u0631\u0627\u0621 \u0641\u0633\u0627\u062a\u064a\u0646 \u0627\u0644\u0633\u0647\u0631\u0629 \u0627\u0644\u0645\u062d\u062c\u0628\u0629\u061f<\/h3>\n<p>Tesett\u00fcr abiye al\u0131rken, bedensel \u00f6l\u00e7\u00fclerinizle uyumlu olmas\u0131na, diki\u015f kalitesine, kuma\u015f t\u00fcr\u00fcne ve abiyenin kullan\u0131m amac\u0131na dikkat etmelisiniz. Ayr\u0131ca, rahat\u00e7a hareket edebilmenizi sa\u011flayacak modelleri tercih etmek de \u00f6nemlidir.<\/p>\n\n\n<p><\/p>","protected":false},"excerpt":{"rendered":"<p>G\u00fcn\u00fcm\u00fcz modas\u0131nda, \u015f\u0131kl\u0131\u011f\u0131 ve zarafeti bir araya getiren uzun tesett\u00fcr abiye se\u00e7enekleri, kad\u0131nlar\u0131n \u00f6zel g\u00fcnlerde nas\u0131l g\u00f6r\u00fcnmek istedi\u011fine dair yeni<\/p>","protected":false},"author":2,"featured_media":1053,"comment_status":"open","ping_status":"open","sticky":false,"template":"","format":"standard","meta":{"footnotes":""},"categories":[1],"tags":[80,84,74,70,75,71],"class_list":["post-4936","post","type-post","status-publish","format-standard","has-post-thumbnail","hentry","category-genel","tag-en-cok-tercih-edilen-tesettur-abiye-modelleri","tag-gizem-kis-tesettur-abiye-modelleri-izmir-magazasi","tag-izmir-tesettur-abiye","tag-tesettur-abiye","tag-tesettur-abiye-fiyatlari","tag-tesettur-giyim"],"_links":{"self":[{"href":"https:\/\/gizemkis.com\/ar\/wp-json\/wp\/v2\/posts\/4936","targetHints":{"allow":["GET"]}}],"collection":[{"href":"https:\/\/gizemkis.com\/ar\/wp-json\/wp\/v2\/posts"}],"about":[{"href":"https:\/\/gizemkis.com\/ar\/wp-json\/wp\/v2\/types\/post"}],"author":[{"embeddable":true,"href":"https:\/\/gizemkis.com\/ar\/wp-json\/wp\/v2\/users\/2"}],"replies":[{"embeddable":true,"href":"https:\/\/gizemkis.com\/ar\/wp-json\/wp\/v2\/comments?post=4936"}],"version-history":[{"count":0,"href":"https:\/\/gizemkis.com\/ar\/wp-json\/wp\/v2\/posts\/4936\/revisions"}],"wp:featuredmedia":[{"embeddable":true,"href":"https:\/\/gizemkis.com\/ar\/wp-json\/wp\/v2\/media\/1053"}],"wp:attachment":[{"href":"https:\/\/gizemkis.com\/ar\/wp-json\/wp\/v2\/media?parent=4936"}],"wp:term":[{"taxonomy":"category","embeddable":true,"href":"https:\/\/gizemkis.com\/ar\/wp-json\/wp\/v2\/categories?post=4936"},{"taxonomy":"post_tag","embeddable":true,"href":"https:\/\/gizemkis.com\/ar\/wp-json\/wp\/v2\/tags?post=4936"}],"curies":[{"name":"wp","href":"https:\/\/api.w.org\/{rel}","templated":true}]}}