{"id":4981,"date":"2024-10-03T23:06:45","date_gmt":"2024-10-03T20:06:45","guid":{"rendered":"https:\/\/gizemkis.com\/tesettur-abiye-secerken-dikkat-edilmesi-gereken-10-altin-kural\/"},"modified":"2024-10-04T20:39:27","modified_gmt":"2024-10-04T17:39:27","slug":"tesettur-abiye-secerken-dikkat-edilmesi-gereken-10-altin-kural","status":"publish","type":"post","link":"https:\/\/gizemkis.com\/en\/tesettur-abiye-secerken-dikkat-edilmesi-gereken-10-altin-kural\/","title":{"rendered":"10 Golden Rules to Consider When Choosing a Hijab Evening Dress"},"content":{"rendered":"<p>\u00d6zel g\u00fcnlerde \u015f\u0131kl\u0131\u011f\u0131n\u0131z\u0131 tamamlayacak bir <strong>How to choose a hijab evening dress<\/strong> sorusu, herkesin akl\u0131nda \u00f6nemli bir yer kapl\u0131yor. Do\u011fru se\u00e7imler yaparak zarif ve g\u00f6z al\u0131c\u0131 g\u00f6r\u00fcnmek m\u00fcmk\u00fcn. Bu yaz\u0131da, tesett\u00fcr abiye se\u00e7iminde g\u00f6z \u00f6n\u00fcnde bulundurulmas\u0131 gereken 10 alt\u0131n kural\u0131 sizlerle payla\u015faca\u011f\u0131z. Bu kurallar, hem stilinizi yans\u0131tman\u0131za hem de kendinizi rahat hissetmenize yard\u0131mc\u0131 olacak.<\/p>\n<h3>Main Points<\/h3>\n<ol>\n<li>V\u00fccut tipinize uygun kesimleri tercih edin.<\/li>\n<li>Renk se\u00e7iminiz, cilt tonunuzu tamamlamal\u0131.<\/li>\n<li>Farkl\u0131 kuma\u015f t\u00fcrlerini de\u011ferlendirin.<\/li>\n<li>Aksesuarlar\u0131n\u0131z\u0131 unutmay\u0131n.<\/li>\n<li>Mevsime uygun se\u00e7enekleri g\u00f6z \u00f6n\u00fcnde bulundurun.<\/li>\n<li>Tarz\u0131n\u0131za uygun detaylar se\u00e7in.<\/li>\n<li>Moday\u0131 takip edin ama kendi stilinizi yans\u0131t\u0131n.<\/li>\n<li>Bedeninize uygun \u00f6l\u00e7\u00fclerde sat\u0131n al\u0131n.<\/li>\n<li>Giysinin rahatl\u0131\u011f\u0131n\u0131 test edin.<\/li>\n<li>\u00d6zel g\u00fcn ve etkinlik i\u00e7in uygunlu\u011fu kontrol edin.<\/li>\n<\/ol>\n<h2>Tesett\u00fcr Abiye Se\u00e7iminde Kuma\u015f ve Kesim Se\u00e7iminin \u00d6nemi<\/h2>\n<p>Tesett\u00fcr abiye se\u00e7imi, \u00f6zellikle \u00f6zel g\u00fcnlerde b\u00fcy\u00fck bir dikkat gerektirir. Do\u011fru <strong>material<\/strong> And <strong>cut<\/strong> tercihi, hem \u015f\u0131kl\u0131\u011f\u0131n\u0131z\u0131 hem de rahatl\u0131\u011f\u0131n\u0131z\u0131 do\u011frudan etkiler.<\/p>\n<h3>Fabric Selection<\/h3>\n<p>Kuma\u015f, abiye elbisenin genel havas\u0131n\u0131 belirleyen en \u00f6nemli unsurlardan biridir. \u0130\u015fte dikkat edilmesi gereken noktalar:<\/p>\n<ol>\n<li><strong>Quality<\/strong>: Kaliteli kuma\u015flar hem g\u00f6r\u00fcn\u00fcm hem de dayan\u0131kl\u0131l\u0131k a\u00e7\u0131s\u0131ndan \u00f6nemlidir. Pamuk, saten veya \u015fifon se\u00e7enekleri de\u011ferlendirilebilir.<\/li>\n<li><strong>Hava alma \u00f6zelli\u011fi<\/strong>: \u00d6zellikle yaz aylar\u0131nda terletmeyen kuma\u015flar tercih edilmelidir.<\/li>\n<li><strong>\u0130\u00e7 g\u00f6sterme<\/strong>: Tesett\u00fcr k\u0131yafetlerde i\u00e7 g\u00f6steren kuma\u015flardan ka\u00e7\u0131nmak gerekir.<\/li>\n<\/ol>\n<h3>Kesim Se\u00e7imi<\/h3>\n<p>Kesim, elbisenin v\u00fccuda oturu\u015funu belirler ve bu, g\u00f6r\u00fcn\u00fcm kadar konfor a\u00e7\u0131s\u0131ndan da \u00f6nemlidir. Zamanda de\u011fi\u015fen kesim modalar\u0131, her beden tipine uygun farkl\u0131 tasar\u0131mlar sunar. Ek olarak:<\/p>\n<ol>\n<li>V\u00fccut tipinize uygun kesimler se\u00e7mek, duru\u015funuzu g\u00fc\u00e7lendirir.<\/li>\n<li>Farkl\u0131 detaylar, elbisenin \u015f\u0131kl\u0131\u011f\u0131n\u0131 \u00f6n plana \u00e7\u0131karabilir.<\/li>\n<\/ol>\n<p>Sonu\u00e7 olarak, tesett\u00fcr abiye se\u00e7erken hem <strong>material<\/strong> as well as <strong>cut<\/strong> unsurlar\u0131n\u0131 dikkate almak, \u015f\u0131kl\u0131\u011f\u0131n ve rahatl\u0131\u011f\u0131n birle\u015fti\u011fi m\u00fckemmel bir g\u00f6r\u00fcn\u00fcm sunar.<\/p>\n<h2>D\u00f6rt Mevsime Uygun Tesett\u00fcr Abiye Modelleri ve Stili Yans\u0131tma Y\u00f6ntemleri<\/h2>\n<p>D\u00f6rt mevsim, tesett\u00fcr giyimde farkl\u0131 stiller ve kesimlerle kar\u015f\u0131m\u0131za \u00e7\u0131kar. Yaz\u0131n hafif kuma\u015flar ve canl\u0131 renkler, k\u0131\u015f\u0131n ise kal\u0131n ve s\u0131cak dokular \u00f6n plana \u00e7\u0131kar. \u00d6rne\u011fin, <strong>yaz<\/strong> aylar\u0131nda tercih edilen u\u00e7u\u015fan elbiseler, s\u0131kl\u0131kla \u00e7i\u00e7ek desenleriyle s\u00fcslenir. Bu, hem rahatl\u0131k sa\u011flar hem de ferah bir g\u00f6r\u00fcn\u00fcm sunar. K\u0131\u015f mevsiminde ise daha koyu tonlar ve uzun kabanlarla kombinlenmi\u015f abiyeler, \u015f\u0131kl\u0131\u011f\u0131 peki\u015ftirir.<\/p>\n<h3>Mevsimlere G\u00f6re Abiye Tercihleri<\/h3>\n<table style=\"border: 1px solid black; padding: 10px;\">\n<tbody>\n<tr>\n<th style=\"border: 1px solid black; padding: 10px;\">Season<\/th>\n<th style=\"border: 1px solid black; padding: 10px;\">Abiye tercihi<\/th>\n<\/tr>\n<tr>\n<td style=\"border: 1px solid black; padding: 10px;\">Spring<\/td>\n<td style=\"border: 1px solid black; padding: 10px;\">Pastel tonlar, hafif danteller<\/td>\n<\/tr>\n<tr>\n<td style=\"border: 1px solid black; padding: 10px;\">Summer<\/td>\n<td style=\"border: 1px solid black; padding: 10px;\">Canl\u0131 renkler, keten kuma\u015flar<\/td>\n<\/tr>\n<tr>\n<td style=\"border: 1px solid black; padding: 10px;\">Autumn<\/td>\n<td style=\"border: 1px solid black; padding: 10px;\">Toprak tonlar\u0131, kal\u0131n dokular<\/td>\n<\/tr>\n<tr>\n<td style=\"border: 1px solid black; padding: 10px;\">Winter<\/td>\n<td style=\"border: 1px solid black; padding: 10px;\">Koyu renkler, \u015f\u0131k kabanlar<\/td>\n<\/tr>\n<\/tbody>\n<\/table>\n<p>Buna g\u00f6re, hangi mevsim olursa olsun, do\u011fru se\u00e7imler yapmak \u00f6nemli. <strong>Stili<\/strong> yans\u0131tmak ise se\u00e7imlerinize dikkat etmekle ba\u015flar. \u0130yi bir abiye, yaln\u0131zca g\u00fczel g\u00f6r\u00fcnmekle kalmaz, ayn\u0131 zamanda ki\u015fili\u011finizi de yans\u0131t\u0131r. Her mevsim i\u00e7in do\u011fru kuma\u015f ve renk se\u00e7imi, \u015f\u0131kl\u0131\u011f\u0131n anahtar\u0131d\u0131r.<\/p>\n<h2>Conclusion<\/h2>\n<p>Sonu\u00e7 olarak, &#8220;undefined&#8221; konusunu ele al\u0131rken, hayat\u0131m\u0131za ve tercihimize y\u00f6n veren pek \u00e7ok fakt\u00f6r\u00fc g\u00f6z \u00f6n\u00fcnde bulundurmak \u00f6nemlidir. Tesett\u00fcr abiye nas\u0131l se\u00e7ilir sorusu, asl\u0131nda sadece bir k\u0131yafet tercihi de\u011fil; ki\u015fisel stilimizi, inan\u00e7lar\u0131m\u0131z\u0131 ve de\u011ferlerimizi yans\u0131t\u0131r. Bunun yan\u0131 s\u0131ra, se\u00e7ece\u011fimiz abiyenin rahatl\u0131\u011f\u0131, kalitesi ve uygunlu\u011fu da b\u00fcy\u00fck \u00f6nem ta\u015f\u0131r. Bence, do\u011fru tesett\u00fcr abiye se\u00e7imi, kendimizi ifade etmenin \u00f6nemli bir yoludur. Bunun i\u00e7in, ihtiya\u00e7lar\u0131m\u0131z\u0131 ve tarz\u0131m\u0131z\u0131 iyi analiz etmemiz gerekir. Ne var ki, moda d\u00fcnyas\u0131nda \u00e7ok say\u0131da se\u00e7enek oldu\u011fu i\u00e7in hangisinin bizim i\u00e7in do\u011fru oldu\u011funu belirlemek zor olabilir. Ancak, bu s\u00fcre\u00e7te \u00f6zg\u00fcvenimizi kaybetmemek ve kendi zevkimize sad\u0131k kalmak en iyisidir. Yine de, bu se\u00e7imlerin ki\u015fisel yolculu\u011fumuzun bir par\u00e7as\u0131 oldu\u011funu unutmamal\u0131y\u0131z. Kendi stilimizi bulmak i\u00e7in denemekten \u00e7ekinmemeli ve en sonunda kendimizi en iyi hissetti\u011fimiz tarz\u0131 benimsemeliyiz.<\/p>\n<h2 style=\"text-align: center;\">Frequently Asked Questions<\/h2>\n<h3>What should I pay attention to when choosing hijab evening dresses?<\/h3>\n<p>Tesett\u00fcr abiye se\u00e7erken v\u00fccut tipinizi, renk tercihinizi, mevsim ko\u015fullar\u0131n\u0131 ve etkinli\u011fin tarz\u0131n\u0131 g\u00f6z \u00f6n\u00fcnde bulundurmal\u0131s\u0131n\u0131z. Ayr\u0131ca kuma\u015f kalitesi ve diki\u015f detaylar\u0131na da dikkat etmek \u00f6nemlidir.<\/p>\n<h3>Which color hijab evening dress should I choose?<\/h3>\n<p>Renk tercihi ki\u015finin zevkine ba\u011fl\u0131d\u0131r ancak etkinli\u011fin formalitesine g\u00f6re a\u00e7\u0131k tonlar, pastel renkler veya koyu tonlar se\u00e7ilebilir. Ayr\u0131ca ten renginizle uyumlu renkler de tercih etmelisiniz.<\/p>\n<h3>Tesett\u00fcr abiye modas\u0131nda hangi trendler \u00f6n planda?<\/h3>\n<p>Son y\u0131llarda dantel, payet, volan ve pile detaylar\u0131 gibi \u015f\u0131k tasar\u0131mlar, tesett\u00fcr abiye modas\u0131nda pop\u00fcler hale gelmi\u015ftir. Ayr\u0131ca, a\u00e7\u0131k yaka ve oversize kesimler de s\u0131k\u00e7a tercih edilmektedir.<\/p>","protected":false},"excerpt":{"rendered":"<p>\u00d6zel g\u00fcnlerde \u015f\u0131kl\u0131\u011f\u0131n\u0131z\u0131 tamamlayacak bir tesett\u00fcr abiye nas\u0131l se\u00e7ilir sorusu, herkesin akl\u0131nda \u00f6nemli bir yer kapl\u0131yor. Do\u011fru se\u00e7imler yaparak zarif<\/p>","protected":false},"author":2,"featured_media":3676,"comment_status":"open","ping_status":"open","sticky":false,"template":"","format":"standard","meta":{"footnotes":""},"categories":[1,54],"tags":[80,84,74,99,85],"class_list":["post-4981","post","type-post","status-publish","format-standard","has-post-thumbnail","hentry","category-genel","category-tesettur-abiye","tag-en-cok-tercih-edilen-tesettur-abiye-modelleri","tag-gizem-kis-tesettur-abiye-modelleri-izmir-magazasi","tag-izmir-tesettur-abiye","tag-en-sik-tesettur-abiye-modelleri","tag-toptan-tesettur-abiye"],"_links":{"self":[{"href":"https:\/\/gizemkis.com\/en\/wp-json\/wp\/v2\/posts\/4981","targetHints":{"allow":["GET"]}}],"collection":[{"href":"https:\/\/gizemkis.com\/en\/wp-json\/wp\/v2\/posts"}],"about":[{"href":"https:\/\/gizemkis.com\/en\/wp-json\/wp\/v2\/types\/post"}],"author":[{"embeddable":true,"href":"https:\/\/gizemkis.com\/en\/wp-json\/wp\/v2\/users\/2"}],"replies":[{"embeddable":true,"href":"https:\/\/gizemkis.com\/en\/wp-json\/wp\/v2\/comments?post=4981"}],"version-history":[{"count":0,"href":"https:\/\/gizemkis.com\/en\/wp-json\/wp\/v2\/posts\/4981\/revisions"}],"wp:featuredmedia":[{"embeddable":true,"href":"https:\/\/gizemkis.com\/en\/wp-json\/wp\/v2\/media\/3676"}],"wp:attachment":[{"href":"https:\/\/gizemkis.com\/en\/wp-json\/wp\/v2\/media?parent=4981"}],"wp:term":[{"taxonomy":"category","embeddable":true,"href":"https:\/\/gizemkis.com\/en\/wp-json\/wp\/v2\/categories?post=4981"},{"taxonomy":"post_tag","embeddable":true,"href":"https:\/\/gizemkis.com\/en\/wp-json\/wp\/v2\/tags?post=4981"}],"curies":[{"name":"wp","href":"https:\/\/api.w.org\/{rel}","templated":true}]}}